{"id":25574,"date":"2024-09-25T10:26:19","date_gmt":"2024-09-25T08:26:19","guid":{"rendered":"https:\/\/www.elkho-group.com\/?p=25574"},"modified":"2024-09-25T10:26:19","modified_gmt":"2024-09-25T08:26:19","slug":"produktivitaet-am-arbeitsplatz-die-4-tage-woche","status":"publish","type":"post","link":"https:\/\/www.elkho-group.com\/de\/produktivitaet-am-arbeitsplatz-die-4-tage-woche\/","title":{"rendered":"Produktivit\u00e4t am Arbeitsplatz: Die 4-Tage-Woche"},"content":{"rendered":"<p><em>Gro\u00dfbritannien, Schottland, Spanien, Belgien, Frankreich&#8230; mehrere L\u00e4nder haben in letzter Zeit Experimente mit diesem Modell durchgef\u00fchrt oder sind noch dabei, es zu testen, und die Ergebnisse sind ermutigend. Die Viertagewoche ist eine nicht ganz neue Idee, die heute jedoch im Mittelpunkt der Diskussionen \u00fcber die Verbesserung der Produktivit\u00e4t und der Qualit\u00e4t des Arbeitslebens steht.<\/em><\/p>\n<h3>Weniger oder anders arbeiten?<\/h3>\n<p>Anders als man meinen k\u00f6nnte, geht es bei der Viertagewoche nicht darum, die w\u00f6chentliche Arbeitszeit zu reduzieren, sondern sie anders zu verteilen. Die Idee besteht darin, bestimmte Tage zu verl\u00e4ngern, um einen ganzen Tag in der Woche freizugeben, ohne die Gesamtzahl der Arbeitsstunden zu verringern. Dieses Konzept wurde <strong>2015<\/strong> zuerst in Island mit gro\u00dfem Erfolg getestet. Heute hat die Mehrheit der isl\u00e4ndischen Arbeitnehmer bereits auf diese Organisation umgestellt oder plant, dies zu tun.<br \/>\nIm Jahr <strong>2022<\/strong> will das Vereinigte K\u00f6nigreich diese Methode ausprobieren, gefolgt von mehreren anderen europ\u00e4ischen L\u00e4ndern. In L\u00e4ndern wie Japan oder Frankreich k\u00f6nnen die Unternehmen entscheiden, ob sie die Organisation einf\u00fchren wollen oder nicht. Derzeit haben etwa 5 % der franz\u00f6sischen Unternehmen die Viertagewoche eingef\u00fchrt, w\u00e4hrend 19 % sich f\u00fcr flexiblere Arbeitszeiten entscheiden.<\/p>\n<h3>Vorteile der 4-Tage-Woche<\/h3>\n<ul>\n<li>Mehr freie Zeit f\u00fcr pers\u00f6nliche Termine<\/li>\n<li>Verbesserung der geistigen und k\u00f6rperlichen Gesundheit.<\/li>\n<li>Mehr Zeit mit den Liebsten verbringen<\/li>\n<li>Die Produktivit\u00e4t steigern<\/li>\n<li>Den CO2-Fu\u00dfabdruck verringern<\/li>\n<\/ul>\n<h3>Grenzen und Herausforderungen<\/h3>\n<ul>\n<li>Neuorganisation der Arbeit: Die Einf\u00fchrung einer Viertagewoche erfordert eine umfangreiche Neuorganisation. Sie m\u00fcssen die Zeitpl\u00e4ne \u00fcberarbeiten, die Arbeitsbelastung anpassen und sicherstellen, dass die Mitarbeiter immer auf die Bed\u00fcrfnisse der Kunden oder Projekte reagieren k\u00f6nnen.<\/li>\n<li>Risiko der Ersch\u00f6pfung an den 4 Tagen: Wenn die Arbeitsstunden verdichtet werden, kann dies aufgrund der l\u00e4ngeren Tage zu einer starken Ersch\u00f6pfung an den Arbeitstagen f\u00fchren.<\/li>\n<li>Nicht f\u00fcr alle Branchen geeignet: In einigen Branchen wie dem Gesundheitswesen, der Gastronomie oder dem Einzelhandel, in denen Kunden oder Patienten eine st\u00e4ndige Pr\u00e4senz erwarten, kann es schwierig sein, ohne Auswirkungen auf den Dienstbetrieb auf ein Modell mit einer 4-Tage-Woche umzustellen.<\/li>\n<li>Ungewisse Produktivit\u00e4t f\u00fcr bestimmte Berufe: W\u00e4hrend die Viertagewoche in kreativen B\u00fcros oder Umgebungen zu funktionieren scheint, ist sie f\u00fcr Arbeitspl\u00e4tze, bei denen es auf physische Produktion oder st\u00e4ndige Pr\u00e4senz ankommt, m\u00f6glicherweise weniger geeignet. Bei Berufen, die einen hohen k\u00f6rperlichen Einsatz erfordern, k\u00f6nnte ein l\u00e4ngerer Tag zu einem Qualit\u00e4tsverlust am Ende des Tages f\u00fchren.<\/li>\n<li>Konflikte mit weltweiten Zeitpl\u00e4nen: F\u00fcr Unternehmen, die international t\u00e4tig sind, k\u00f6nnte die Einf\u00fchrung der Viertagewoche zu Zeitkonflikten f\u00fchren. Wenn Partner oder Kunden in einer klassischen Woche arbeiten, kann es kompliziert sein, Besprechungen oder Projekte zu koordinieren.<\/li>\n<li>H\u00f6here Arbeitskosten: In manchen Branchen kann eine Verringerung der Anzahl der Arbeitstage dazu f\u00fchren, dass zus\u00e4tzliches Personal eingestellt werden muss, um den fehlenden Tag abzudecken.<\/li>\n<\/ul>\n<p>Die ersten Ergebnisse der Tests, insbesondere im Vereinigten K\u00f6nigreich, sind sehr ermutigend. Fast <strong>90% der Unternehmen, die an den Tests teilgenommen haben, bef\u00fcrworten die Einf\u00fchrung der Viertagewoche<\/strong>, die mit erheblichen Produktivit\u00e4tsgewinnen verbunden ist. In Frankreich st\u00f6\u00dft die Idee jedoch noch auf Vorbehalte. Zwar wird die Flexibilit\u00e4t in einigen Branchen zur Norm, doch die weitere Entwicklung ist ungewiss. Es wird interessant sein, die Auswirkungen dieser Praxis in gr\u00f6\u00dferem Ma\u00dfstab zu verfolgen und zu beobachten, ob Frankreich und andere L\u00e4nder sie in den kommenden Jahren massiv einf\u00fchren werden.<\/p>\n","protected":false},"excerpt":{"rendered":"<p>Gro\u00dfbritannien, Schottland, Spanien, Belgien, Frankreich&#8230; mehrere L\u00e4nder haben in letzter Zeit Experimente mit diesem Modell durchgef\u00fchrt oder sind noch dabei, es zu testen, und die Ergebnisse sind ermutigend. Die Viertagewoche ist eine nicht ganz neue Idee, die heute jedoch im Mittelpunkt der Diskussionen \u00fcber die Verbesserung der Produktivit\u00e4t und der Qualit\u00e4t des Arbeitslebens steht. Weniger&hellip;<\/p>\n","protected":false},"author":50,"featured_media":25558,"comment_status":"closed","ping_status":"open","sticky":false,"template":"","format":"standard","meta":{"footnotes":""},"categories":[624],"tags":[2588,2844,2846,2845,2843],"class_list":["post-25574","post","type-post","status-publish","format-standard","has-post-thumbnail","hentry","category-aktuelles","tag-arbeit","tag-arbeitszeit","tag-organisation-de","tag-produktivitaet","tag-viertagewoche","category-624","description-off"],"aioseo_notices":[],"_links":{"self":[{"href":"https:\/\/www.elkho-group.com\/de\/wp-json\/wp\/v2\/posts\/25574","targetHints":{"allow":["GET"]}}],"collection":[{"href":"https:\/\/www.elkho-group.com\/de\/wp-json\/wp\/v2\/posts"}],"about":[{"href":"https:\/\/www.elkho-group.com\/de\/wp-json\/wp\/v2\/types\/post"}],"author":[{"embeddable":true,"href":"https:\/\/www.elkho-group.com\/de\/wp-json\/wp\/v2\/users\/50"}],"replies":[{"embeddable":true,"href":"https:\/\/www.elkho-group.com\/de\/wp-json\/wp\/v2\/comments?post=25574"}],"version-history":[{"count":2,"href":"https:\/\/www.elkho-group.com\/de\/wp-json\/wp\/v2\/posts\/25574\/revisions"}],"predecessor-version":[{"id":25576,"href":"https:\/\/www.elkho-group.com\/de\/wp-json\/wp\/v2\/posts\/25574\/revisions\/25576"}],"wp:featuredmedia":[{"embeddable":true,"href":"https:\/\/www.elkho-group.com\/de\/wp-json\/wp\/v2\/media\/25558"}],"wp:attachment":[{"href":"https:\/\/www.elkho-group.com\/de\/wp-json\/wp\/v2\/media?parent=25574"}],"wp:term":[{"taxonomy":"category","embeddable":true,"href":"https:\/\/www.elkho-group.com\/de\/wp-json\/wp\/v2\/categories?post=25574"},{"taxonomy":"post_tag","embeddable":true,"href":"https:\/\/www.elkho-group.com\/de\/wp-json\/wp\/v2\/tags?post=25574"}],"curies":[{"name":"wp","href":"https:\/\/api.w.org\/{rel}","templated":true}]}}